{"id":15279,"date":"2025-10-24T20:00:45","date_gmt":"2025-10-24T18:00:45","guid":{"rendered":"https:\/\/wp.rncmobile.net\/?p=15279"},"modified":"2025-12-18T14:34:52","modified_gmt":"2025-12-18T12:34:52","slug":"journee-des-communautes-2025-les-reponses","status":"publish","type":"post","link":"https:\/\/wp.rncmobile.net\/index.php\/2025\/10\/24\/journee-des-communautes-2025-les-reponses\/","title":{"rendered":"Journ\u00e9e des communaut\u00e9s 2025 &#8211; Les r\u00e9ponses"},"content":{"rendered":"<p><img loading=\"lazy\" decoding=\"async\" class=\"alignnone wp-image-15280 size-full\" src=\"https:\/\/wp.rncmobile.net\/wp-content\/uploads\/2025\/10\/Journee-des-communautes-2025-black-border-1024x493-1.jpg\" alt=\"\" width=\"1024\" height=\"493\" srcset=\"https:\/\/wp.rncmobile.net\/wp-content\/uploads\/2025\/10\/Journee-des-communautes-2025-black-border-1024x493-1.jpg 1024w, https:\/\/wp.rncmobile.net\/wp-content\/uploads\/2025\/10\/Journee-des-communautes-2025-black-border-1024x493-1-300x144.jpg 300w, https:\/\/wp.rncmobile.net\/wp-content\/uploads\/2025\/10\/Journee-des-communautes-2025-black-border-1024x493-1-768x370.jpg 768w, https:\/\/wp.rncmobile.net\/wp-content\/uploads\/2025\/10\/Journee-des-communautes-2025-black-border-1024x493-1-624x300.jpg 624w\" sizes=\"auto, (max-width: 1024px) 100vw, 1024px\" \/><\/p>\n<p>Bonjour \u00e0 tous.<\/p>\n<p>Vendredi 3 octobre nous \u00e9tions invit\u00e9s \u00e0 la journ\u00e9e des communaut\u00e9s au si\u00e8ge social d&rsquo;Iliad \u00e0 Paris. Nous vous avions demand\u00e9 sur Discord quelles questions vous souhaiteriez que l&rsquo;on pose aux \u00e9quipes de Free lors de cet \u00e9v\u00e8nement, et bien voici les r\u00e9ponses obtenues :<\/p>\n<p><strong>L\u2019activation de l&rsquo;IPv6 par d\u00e9faut sur le r\u00e9seau propre et en itin\u00e9rance est effective sur le r\u00e9seau Free Mobile, mais en roaming les APN restent configur\u00e9s en IPv4 seul. Ne serait-il pas pertinent de les passer en IPv4\/IPv6 par d\u00e9faut ? (Fraetech)<\/strong><\/p>\n<ul>\n<li><em>Cette \u00e9volution est pr\u00e9vue. Les \u00e9quipes travaillent dessus<\/em><\/li>\n<\/ul>\n<p>\n<strong>Aujourd\u2019hui, on d\u00e9pend trop d\u2019applis tierces pour les appels vid\u00e9o, alors que la ViLTE et la ViNR permettraient la visiophonie native depuis l\u2019application t\u00e9l\u00e9phone. Ces appels, g\u00e9r\u00e9s par l\u2019IMS, b\u00e9n\u00e9ficient d\u2019une meilleure priorit\u00e9 et d\u2019une qualit\u00e9 plus stable que les usages data classiques, souvent d\u00e9grad\u00e9s comme le confirment les enqu\u00eates QoS de l\u2019ARCEP. <\/strong><br \/>\n<strong>Il serait \u00e9galement possible d\u2019offrir ce service \u00e0 l\u2019international en roaming, et de permettre une interconnexion avec les op\u00e9rateurs qui le proposent d\u00e9j\u00e0, comme Bouygues, afin que le maximum d\u2019abonn\u00e9s puisse profiter d\u2019appels vid\u00e9o de qualit\u00e9 tout en r\u00e9duisant notre d\u00e9pendance aux GAFAM.<\/strong><br \/>\n<strong>Un d\u00e9ploiement de cette technologie chez Freemobile est-il envisag\u00e9 ? (Max)<\/strong><\/p>\n<ul>\n<li><em>Le d\u00e9ploiement de cette technologie n&rsquo;est pas pr\u00e9vue pour le moment, il n&rsquo;y a pas de demande pour ces services hors applications tierces. De plus, il faudrait que les autres op\u00e9rateurs d\u00e9ploient cette technologie pour que le service soit r\u00e9ellement utilisable par tout le monde<\/em><\/li>\n<\/ul>\n<p>&nbsp;<\/p>\n<p><strong>Est-il pr\u00e9vu d&rsquo;ajouter un forfait illimit\u00e9 dans la solution Free Pro?<\/strong><br \/>\n<strong>Et que ce forfait ainsi que l&rsquo;actuel profitent \u00e9galement de la 5G SA, d\u00e9j\u00e0 accessible aux abonn\u00e9s grand public. (Fraetch)<\/strong><\/p>\n<ul>\n<li><em>Il n&rsquo;y a pas de demande pour un forfait illimit\u00e9 de la part des professionnels. <\/em><br \/>\n<em>Le d\u00e9ploiement de la 5G SA est pr\u00e9vue prochainement<\/em>\u00a0<\/li>\n<\/ul>\n<p>&nbsp;<\/p>\n<p><strong>Orange France a publi\u00e9 un calendrier d&rsquo;extinction de la 2G. Les clients Free mobile auront t&rsquo;il le m\u00eame calendrier d&rsquo;extinction pour cette technologie ou celle-ci aura lieu plus t\u00f4t ?<\/strong><br \/>\n<strong>A quelle date est pr\u00e9vue l&rsquo;extinction compl\u00e8te de l&rsquo;itin\u00e9rance 3G + 2G ?<\/strong><br \/>\n<strong>A quelle date est pr\u00e9vue l&rsquo;extinction de la 3G Freemobile ? (Haojy)<\/strong><\/p>\n<ul>\n<li><em>R\u00e9ponse pas publiable.<\/em><\/li>\n<li><em>Publication de l&rsquo;ARCEP cependant disponible ici : <a href=\"https:\/\/www.arcep.fr\/actualites\/actualites-et-communiques\/detail\/n\/partage-de-reseaux-mobiles-161025.html\" target=\"_blank\" rel=\"noopener\">https:\/\/www.arcep.fr\/actualites\/actualites-et-communiques\/detail\/n\/partage-de-reseaux-mobiles-161025.html<\/a><\/em><\/li>\n<li>Mail envoy\u00e9 aux abonn\u00e9es Freemobile : <a href=\"https:\/\/www.universfreebox.com\/article\/587350\/free-mobile-envoie-un-mail-a-ses-abonnes-pour-les-informer-dune-evolution-majeure-a-venir-sur-son-reseau-4g-au-detriment-de-sa-3g\" target=\"_blank\" rel=\"noopener\">https:\/\/www.universfreebox.com\/article\/587350\/free-mobile-envoie-un-mail-a-ses-abonnes-pour-les-informer-dune-evolution-majeure-a-venir-sur-son-reseau-4g-au-detriment-de-sa-3g<\/a><\/li>\n<\/ul>\n<p>&nbsp;<\/p>\n<p><strong>Avec l\u2019arriv\u00e9e de la voix IMS, nous avons d\u00e9couvert les joies des appels en HD gr\u00e2ce au codec EVS. L\u2019exp\u00e9rience est excellente entre abonn\u00e9s Free Mobile, mais elle reste moins bonne dans certains cas :<\/strong><br \/>\n<strong>Vers la messagerie vocale (666 \/ +33695600011), qui n\u2019est pas en HD ;,<\/strong><br \/>\n<strong>Vers des abonn\u00e9s d\u2019autres op\u00e9rateurs, en France comme \u00e0 l\u2019international.,<\/strong><br \/>\n<strong>Serait-il possible d\u2019envisager le passage de la messagerie vocale en HD, ainsi qu\u2019une interconnexion EVS (id\u00e9alement en SWB, voire en Fullband) avec d&rsquo;autres op\u00e9rateurs, afin d\u2019am\u00e9liorer la qualit\u00e9 des appels pour tous ? (Avionics75)<\/strong><\/p>\n<ul>\n<li><em>R\u00e9ponse pas publiable.<\/em><\/li>\n<\/ul>\n<p>&nbsp;<\/p>\n<p><strong>Serait-il possible d&rsquo;avoir un peering r\u00e9gional afin de r\u00e9duire la latence pour les abonn\u00e9s loin de Paris ?<\/strong><br \/>\n<strong>M\u00eame question pour le roaming international ? (Totohorto)<\/strong><\/p>\n<ul>\n<li>On a un premier peering avec Amazon imminent. C&rsquo;est pas simple parce qu&rsquo;il faut des IP r\u00e9gionalis\u00e9s, uniquement IPv6, et Amazon se base sur DNS pour steerer le trafic entre Paris et Marseille. il y aussi du transit COLT en cours de livraison, la \u00e7a serait IPv6, pour les abos qui ont r\u00e9gionalis\u00e9s de Lyon\/Marseille\/Nice.<\/li>\n<li>Pour le roaming international, le trafic doit forc\u00e9mment passer par Paris (CGN)<\/li>\n<\/ul>\n<p>\n<strong>Il serait utile que la carte des antennes en panne affiche \u00e9galement les sites Zone Blanche op\u00e9r\u00e9s par les autres op\u00e9rateurs. Ainsi, un abonn\u00e9 Free sous couverture ZB comprendrait plus facilement une perte de service, et le service client disposerait d\u2019informations plus fiables. Un autre op\u00e9rateur propose d\u00e9j\u00e0 cette fonctionnalit\u00e9, pour info. (Fraetech)<\/strong><\/p>\n<ul>\n<li><em>R\u00e9ponse pas publiable.<\/em><\/li>\n<\/ul>\n<p>&nbsp;<\/p>\n<p>Merci <a href=\"https:\/\/twitter.com\/tyr0ne_42\" target=\"_blank\" rel=\"noopener\">\u00e0 Tyrone<\/a> d&rsquo;avoir pos\u00e9 vos questions aux \u00e9quipes de Free. Notez que nous n&rsquo;avons pas eu le droit de donner les r\u00e9ponses \u00e0 certaines de vos questions.<\/p>\n<p>A l&rsquo;ann\u00e9e prochaine pour une autre journ\u00e9e des communaut\u00e9s !<\/p>\n<hr \/>\n<p><strong>Bonus Articles d&rsquo;Univers Freebox :<\/strong><\/p>\n<p><a href=\"https:\/\/www.universfreebox.com\/article\/586770\/free-prepare-un-mysterieux-produit-revolutionnaire-hardware-pour-ses-abonnes-mobiles\" target=\"_blank\" rel=\"noopener\">Free tease un myst\u00e9rieux \u201cproduit r\u00e9volutionnaire hardware\u201d pour ses abonn\u00e9s mobiles<\/a><\/p>\n<p><a href=\"https:\/\/www.universfreebox.com\/article\/586783\/free-mobile-va-se-mettre-au-hardware-quel-pourrait-etre-le-produit-revolutionnaire-sur-lequel-planche-loperateur\" target=\"_blank\" rel=\"noopener\">Free Mobile va se mettre au hardware : quel pourrait \u00eatre le \u201cproduit r\u00e9volutionnaire\u201d sur lequel planche l\u2019op\u00e9rateur ? <\/a><\/p>\n<p><a href=\"https:\/\/www.universfreebox.com\/article\/586802\/free-mobile-facilite-lauthentification-a-deux-facteur-sur-son-espace-abonne\" target=\"_blank\" rel=\"noopener\">Free Mobile facilite l\u2019authentification \u00e0 deux facteurs sur son espace abonn\u00e9 <\/a><\/p>\n<p><a href=\"https:\/\/www.universfreebox.com\/article\/586934\/cest-facile-de-lancer-des-offres-a-1e-et-de-les-augmenter-mais-ca-on-ne-le-fait-pas-xavier-niel-reaffirme-la-strategie-unique-de-free-mobile-sur-les-prix\" target=\"_blank\" rel=\"noopener\">\u201cC\u2019est facile de lancer des offres \u00e0 1\u20ac et de les augmenter, mais \u00e7a on ne le fait pas\u201d, Xavier Niel r\u00e9affirme la strat\u00e9gie tarifaire unique de Free Mobile<\/a><\/p>\n<p><a href=\"https:\/\/www.universfreebox.com\/article\/586989\/cest-officiel-la-5g-est-prevue-chez-free-pro-lesim-aussi\" target=\"_blank\" rel=\"noopener\">C\u2019est officiel, la 5G+ est pr\u00e9vue chez Free Pro, l\u2019eSIM aussi<\/a><\/p>\n<p><a href=\"https:\/\/www.universfreebox.com\/article\/587236\/free-pousse-fortement-pour-une-adoption-massive-de-la-5g-sur-les-smartphones-de-ses-abonnes-et-revele-pourquoi\" target=\"_blank\" rel=\"noopener\">Free pousse fortement pour une adoption massive de la 5G+ sur les smartphones de ses abonn\u00e9s et r\u00e9v\u00e8le pourquoi <\/a><\/p>\n<p><a href=\"https:\/\/www.universfreebox.com\/article\/586824\/le-vpn-de-free-mobile-aurait-du-arriver-plus-tot-loperateur-prevoit-encore-des-nouveautes\" target=\"_blank\" rel=\"noopener\">Le VPN de Free Mobile aurait du arriver \u201cplus t\u00f4t\u201d, l\u2019op\u00e9rateur pr\u00e9voit encore de l\u2019am\u00e9liorer <\/a><\/p>\n<hr \/>\n<p>&nbsp;<\/p>\n","protected":false},"excerpt":{"rendered":"<p>Bonjour \u00e0 tous. Vendredi 3 octobre nous \u00e9tions invit\u00e9s \u00e0 la journ\u00e9e des communaut\u00e9s au si\u00e8ge social d&rsquo;Iliad \u00e0 Paris. Nous vous avions demand\u00e9 sur Discord quelles questions vous souhaiteriez que l&rsquo;on pose aux \u00e9quipes de Free lors de cet \u00e9v\u00e8nement, et bien voici les r\u00e9ponses obtenues : L\u2019activation de l&rsquo;IPv6 par d\u00e9faut sur le [&hellip;]<\/p>\n","protected":false},"author":2,"featured_media":0,"comment_status":"closed","ping_status":"open","sticky":false,"template":"","format":"standard","meta":{"footnotes":""},"categories":[3],"tags":[],"class_list":["post-15279","post","type-post","status-publish","format-standard","hentry","category-news"],"_links":{"self":[{"href":"https:\/\/wp.rncmobile.net\/index.php\/wp-json\/wp\/v2\/posts\/15279","targetHints":{"allow":["GET"]}}],"collection":[{"href":"https:\/\/wp.rncmobile.net\/index.php\/wp-json\/wp\/v2\/posts"}],"about":[{"href":"https:\/\/wp.rncmobile.net\/index.php\/wp-json\/wp\/v2\/types\/post"}],"author":[{"embeddable":true,"href":"https:\/\/wp.rncmobile.net\/index.php\/wp-json\/wp\/v2\/users\/2"}],"replies":[{"embeddable":true,"href":"https:\/\/wp.rncmobile.net\/index.php\/wp-json\/wp\/v2\/comments?post=15279"}],"version-history":[{"count":31,"href":"https:\/\/wp.rncmobile.net\/index.php\/wp-json\/wp\/v2\/posts\/15279\/revisions"}],"predecessor-version":[{"id":15556,"href":"https:\/\/wp.rncmobile.net\/index.php\/wp-json\/wp\/v2\/posts\/15279\/revisions\/15556"}],"wp:attachment":[{"href":"https:\/\/wp.rncmobile.net\/index.php\/wp-json\/wp\/v2\/media?parent=15279"}],"wp:term":[{"taxonomy":"category","embeddable":true,"href":"https:\/\/wp.rncmobile.net\/index.php\/wp-json\/wp\/v2\/categories?post=15279"},{"taxonomy":"post_tag","embeddable":true,"href":"https:\/\/wp.rncmobile.net\/index.php\/wp-json\/wp\/v2\/tags?post=15279"}],"curies":[{"name":"wp","href":"https:\/\/api.w.org\/{rel}","templated":true}]}}